{"id":662,"date":"2015-01-06T15:46:38","date_gmt":"2015-01-06T13:46:38","guid":{"rendered":"http:\/\/blog.fotolab.cz\/?p=662"},"modified":"2016-05-25T15:10:32","modified_gmt":"2016-05-25T14:10:32","slug":"evropska-fotograficka-soutez-spolecnosti-cewe","status":"publish","type":"post","link":"https:\/\/www.fotolab.cz\/blog\/evropska-fotograficka-soutez-spolecnosti-cewe\/","title":{"rendered":"Evropsk\u00e1 fotografick\u00e1 sout\u011b\u017e spole\u010dnosti CEWE"},"content":{"rendered":"<p><img loading=\"lazy\" decoding=\"async\" class=\"size-medium wp-image-667 alignleft\" src=\"https:\/\/www.fotolab.cz\/blog\/wp-content\/uploads\/2015\/01\/ZADNJIBLJESAK-46973-4-300x200.jpg\" alt=\"ZADNJIBLJESAK-46973-4\" width=\"300\" height=\"200\" srcset=\"https:\/\/www.fotolab.cz\/blog\/wp-content\/uploads\/2015\/01\/ZADNJIBLJESAK-46973-4-300x200.jpg 300w, https:\/\/www.fotolab.cz\/blog\/wp-content\/uploads\/2015\/01\/ZADNJIBLJESAK-46973-4-1024x684.jpg 1024w, https:\/\/www.fotolab.cz\/blog\/wp-content\/uploads\/2015\/01\/ZADNJIBLJESAK-46973-4.jpg 1400w\" sizes=\"(max-width: 300px) 100vw, 300px\" \/>na t\u00e9ma<strong> <em>\u201eOur world is beautiful\u201c<\/em><\/strong><\/p>\n<p>&nbsp;<\/p>\n<p>Uka\u017ete v\u0161em jak je ten n\u00e1\u0161 sv\u011bt n\u00e1dhern\u00fd a&nbsp;z\u00edskejte jednu z\u00a01000 atraktivn\u00edch cen v\u00a0celkov\u00e9 hodnot\u011b cca 80\u00a0000 EUR.<!--more--><\/p>\n<p>&nbsp;<\/p>\n<p>Hlavn\u00ed v\u00fdhrou je CEWE Photo Award a&nbsp;exkluzivn\u00ed fotocesta od spole\u010dnosti <a href=\"http:\/\/www.artistravel.eu\/photography-trips-and-workshops\/\" target=\"_blank\">artistravel<\/a> (v\u010detn\u011b letenky a&nbsp;kapesn\u00e9ho v&nbsp;celkov\u00e9 hodnot\u011b 5&nbsp;000 EUR; nav\u00edc fotov\u00fdbava dle Va\u0161eho v\u00fdb\u011bru v&nbsp;hodnot\u011b 1&nbsp;500 EUR). Druh\u00e1 a\u017e \u0161est\u00e1 cena je v\u017edy cestovn\u00ed poukaz od spole\u010dnosti artistravel v&nbsp;hodnot\u011b 2\u00a0500 EUR. T\u011bm, kte\u0159\u00ed obsad\u00ed sedm\u00e9 a\u017e dvac\u00e1t\u00e9 m\u00edsto, rozd\u00e1me v\u00fdrobky spole\u010dnosti Samsung (chytr\u00e9 telefony, chytr\u00e9 telefony s\u00a0fotoapar\u00e1tem, tablety nebo syst\u00e9mov\u00e9 fotoapar\u00e1ty). 21.&nbsp;a\u017e 1\u00a0000.&nbsp;m\u00edsto vyhr\u00e1v\u00e1 pouk\u00e1zku na fotografick\u00e9 v\u00fdrobky spole\u010dnosti CEWE.<\/p>\n<p>&nbsp;<\/p>\n<p>Sout\u011b\u017e prob\u00edh\u00e1 od 19.&nbsp;srpna 2014 do 31.&nbsp;b\u0159ezna 2015.<\/p>\n<p>&nbsp;<\/p>\n<p>V\u00edce informac\u00ed na <\/p>\n","protected":false},"excerpt":{"rendered":"<p>na t\u00e9ma \u201eOur world is beautiful\u201c &nbsp; Uka\u017ete v\u0161em jak je ten n\u00e1\u0161 sv\u011bt n\u00e1dhern\u00fd a&nbsp;z\u00edskejte jednu z\u00a01000 atraktivn\u00edch cen v\u00a0celkov\u00e9 hodnot\u011b cca 80\u00a0000 EUR.<\/p>\n","protected":false},"author":7,"featured_media":0,"comment_status":"open","ping_status":"open","sticky":false,"template":"","format":"standard","meta":{"ngg_post_thumbnail":0,"footnotes":""},"categories":[21],"tags":[31,46,84,106,157,179],"class_list":["post-662","post","type-post","status-publish","format-standard","hentry","category-souteze","tag-artistravel","tag-cewe","tag-fotocesta","tag-fotosoutez","tag-photo-award","tag-samsung"],"wppr_data":{"cwp_rev_product_image":""},"_links":{"self":[{"href":"https:\/\/www.fotolab.cz\/blog\/wp-json\/wp\/v2\/posts\/662"}],"collection":[{"href":"https:\/\/www.fotolab.cz\/blog\/wp-json\/wp\/v2\/posts"}],"about":[{"href":"https:\/\/www.fotolab.cz\/blog\/wp-json\/wp\/v2\/types\/post"}],"author":[{"embeddable":true,"href":"https:\/\/www.fotolab.cz\/blog\/wp-json\/wp\/v2\/users\/7"}],"replies":[{"embeddable":true,"href":"https:\/\/www.fotolab.cz\/blog\/wp-json\/wp\/v2\/comments?post=662"}],"version-history":[{"count":2,"href":"https:\/\/www.fotolab.cz\/blog\/wp-json\/wp\/v2\/posts\/662\/revisions"}],"predecessor-version":[{"id":6056,"href":"https:\/\/www.fotolab.cz\/blog\/wp-json\/wp\/v2\/posts\/662\/revisions\/6056"}],"wp:attachment":[{"href":"https:\/\/www.fotolab.cz\/blog\/wp-json\/wp\/v2\/media?parent=662"}],"wp:term":[{"taxonomy":"category","embeddable":true,"href":"https:\/\/www.fotolab.cz\/blog\/wp-json\/wp\/v2\/categories?post=662"},{"taxonomy":"post_tag","embeddable":true,"href":"https:\/\/www.fotolab.cz\/blog\/wp-json\/wp\/v2\/tags?post=662"}],"curies":[{"name":"wp","href":"https:\/\/api.w.org\/{rel}","templated":true}]}}