{"id":49278,"date":"2022-04-14T13:07:07","date_gmt":"2022-04-14T11:07:07","guid":{"rendered":"https:\/\/www.fotolab.cz\/blog\/?p=49278"},"modified":"2022-04-19T13:10:22","modified_gmt":"2022-04-19T11:10:22","slug":"konsky-parkur-s-nikonem-z9-novinka-v-praxi","status":"publish","type":"post","link":"https:\/\/www.fotolab.cz\/blog\/konsky-parkur-s-nikonem-z9-novinka-v-praxi\/","title":{"rendered":"Ko\u0148sk\u00fd parkur s&nbsp;Nikonem Z9 \u2013 Novinka v&nbsp;praxi"},"content":{"rendered":"<p><strong>V r\u00e1mci testov\u00e1n\u00ed novinek jsem se dostal ke vskutku zaj\u00edmav\u00e9mu fotografov\u00e1n\u00ed ko\u0148sk\u00e9ho parkuru. M\u011bl jsem tak mo\u017enost vyzkou\u0161et Nikon Z9 v&nbsp;praxi.<\/strong><\/p>\n<p><!--more--><\/p>\n<figure id=\"attachment_49282\" aria-describedby=\"caption-attachment-49282\" style=\"width: 650px\" class=\"wp-caption aligncenter\"><a class=\"gridlove-popup-img\" href=\"https:\/\/www.fotolab.cz\/blog\/wp-content\/uploads\/2022\/04\/nikon1.jpg\"><img loading=\"lazy\" decoding=\"async\" class=\"wp-image-49282\" src=\"https:\/\/www.fotolab.cz\/blog\/wp-content\/uploads\/2022\/04\/nikon1.jpg\" alt=\"Nikon Z9 v praxi\" width=\"650\" height=\"488\" srcset=\"https:\/\/www.fotolab.cz\/blog\/wp-content\/uploads\/2022\/04\/nikon1.jpg 2048w, https:\/\/www.fotolab.cz\/blog\/wp-content\/uploads\/2022\/04\/nikon1-300x225.jpg 300w, https:\/\/www.fotolab.cz\/blog\/wp-content\/uploads\/2022\/04\/nikon1-768x576.jpg 768w, https:\/\/www.fotolab.cz\/blog\/wp-content\/uploads\/2022\/04\/nikon1-1536x1152.jpg 1536w, https:\/\/www.fotolab.cz\/blog\/wp-content\/uploads\/2022\/04\/nikon1-50x38.jpg 50w, https:\/\/www.fotolab.cz\/blog\/wp-content\/uploads\/2022\/04\/nikon1-370x278.jpg 370w, https:\/\/www.fotolab.cz\/blog\/wp-content\/uploads\/2022\/04\/nikon1-270x203.jpg 270w, https:\/\/www.fotolab.cz\/blog\/wp-content\/uploads\/2022\/04\/nikon1-740x555.jpg 740w, https:\/\/www.fotolab.cz\/blog\/wp-content\/uploads\/2022\/04\/nikon1-80x60.jpg 80w\" sizes=\"(max-width: 650px) 100vw, 650px\" \/><\/a><figcaption id=\"caption-attachment-49282\" class=\"wp-caption-text\">Filip Bart\u00e1k p\u0159edstavuje Z&nbsp;400 mm f\/2,8 TC VR S.<\/figcaption><\/figure>\n<p>Nevyhnuli jsme se oblig\u00e1tn\u00edmu p\u0159edstaven\u00ed Nikonu Z9, a&nbsp;to i&nbsp;p\u0159esto\u017ee na akci nebyl nikdo, kdo by nem\u011bl fotoapar\u00e1t nastudovan\u00fd. Praktick\u00e9 ale byly p\u0159ipom\u00ednky k&nbsp;nastaven\u00ed fotoapar\u00e1tu s&nbsp;ohledem na t\u00e9ma, kter\u00e9 jsme se chystali fotografovat. Jako z\u00e1sadn\u00ed se uk\u00e1zalo nastaven\u00ed rychl\u00e9ho p\u0159ep\u00edn\u00e1n\u00ed mezi detekc\u00ed objekt\u016f a&nbsp;standardn\u00edho AF syst\u00e9mu. To z&nbsp;v\u00fdroby toti\u017e nastaveno nen\u00ed a&nbsp;je to n\u011bco, co by m\u011bl ud\u011blat ka\u017ed\u00fd \u010derstv\u00fd majitel.<\/p>\n<p>Fotografovali jsme z\u00e1vody v&nbsp;ko\u0148sk\u00e9m parkuru. Ty jsem fotografoval jen jednou v&nbsp;\u017eivot\u011b a&nbsp;to u\u017e dost d\u00e1vno. Po otestov\u00e1n\u00ed sv\u011bteln\u00e9 novinky jsem si nakonec vybral objektiv <a href=\"https:\/\/www.fotolab.cz\/produkty\/nikon-nikkor-z-100-400-mm-f-4-5-5-6-vr-s\" target=\"_blank\" rel=\"noopener\"><strong>NIKKOR Z&nbsp;100-400mm f\/4.5-5.6 VR S<\/strong><\/a>. Sv\u011btla bylo dost a&nbsp;s&nbsp;ohledem na typ focen\u00ed mi vyhovoval nejv\u00edce. Mo\u017enost zm\u011bny ohniskov\u00e9 d\u00e9lky je kv\u016fli velikosti z\u00e1vodi\u0161t\u011b praktick\u00e1. Pot\u0159eboval jsem j\u00edzdu sledovat od p\u0159ek\u00e1\u017eky k&nbsp;p\u0159ek\u00e1\u017ece.<\/p>\n<figure id=\"attachment_49281\" aria-describedby=\"caption-attachment-49281\" style=\"width: 650px\" class=\"wp-caption aligncenter\"><a class=\"gridlove-popup-img\" href=\"https:\/\/www.fotolab.cz\/blog\/wp-content\/uploads\/2022\/04\/nikon-100_400.jpg\"><img loading=\"lazy\" decoding=\"async\" class=\"wp-image-49281\" src=\"https:\/\/www.fotolab.cz\/blog\/wp-content\/uploads\/2022\/04\/nikon-100_400.jpg\" alt=\"Nikon Z 100-400 mm\" width=\"650\" height=\"369\" srcset=\"https:\/\/www.fotolab.cz\/blog\/wp-content\/uploads\/2022\/04\/nikon-100_400.jpg 2000w, https:\/\/www.fotolab.cz\/blog\/wp-content\/uploads\/2022\/04\/nikon-100_400-300x170.jpg 300w, https:\/\/www.fotolab.cz\/blog\/wp-content\/uploads\/2022\/04\/nikon-100_400-768x436.jpg 768w, https:\/\/www.fotolab.cz\/blog\/wp-content\/uploads\/2022\/04\/nikon-100_400-1536x872.jpg 1536w, https:\/\/www.fotolab.cz\/blog\/wp-content\/uploads\/2022\/04\/nikon-100_400-50x28.jpg 50w, https:\/\/www.fotolab.cz\/blog\/wp-content\/uploads\/2022\/04\/nikon-100_400-370x210.jpg 370w, https:\/\/www.fotolab.cz\/blog\/wp-content\/uploads\/2022\/04\/nikon-100_400-270x153.jpg 270w, https:\/\/www.fotolab.cz\/blog\/wp-content\/uploads\/2022\/04\/nikon-100_400-740x420.jpg 740w\" sizes=\"(max-width: 650px) 100vw, 650px\" \/><\/a><figcaption id=\"caption-attachment-49281\" class=\"wp-caption-text\">Nikon Z9 a&nbsp;Nikkor Z&nbsp;100-400 mm f\/4.5-5.6 VR S. Objektiv se uk\u00e1zal jako ide\u00e1ln\u00ed pro fotografov\u00e1n\u00ed ko\u0148sk\u00e9ho parkuru.<\/figcaption><\/figure>\n<figure id=\"attachment_49283\" aria-describedby=\"caption-attachment-49283\" style=\"width: 650px\" class=\"wp-caption alignnone\"><a class=\"gridlove-popup-img\" href=\"https:\/\/www.fotolab.cz\/blog\/wp-content\/uploads\/2022\/04\/nikon2.jpg\"><img loading=\"lazy\" decoding=\"async\" class=\"wp-image-49283\" src=\"https:\/\/www.fotolab.cz\/blog\/wp-content\/uploads\/2022\/04\/nikon2.jpg\" alt=\"Sportovn\u00ed fotoapar\u00e1t\" width=\"650\" height=\"488\" srcset=\"https:\/\/www.fotolab.cz\/blog\/wp-content\/uploads\/2022\/04\/nikon2.jpg 2048w, https:\/\/www.fotolab.cz\/blog\/wp-content\/uploads\/2022\/04\/nikon2-300x225.jpg 300w, https:\/\/www.fotolab.cz\/blog\/wp-content\/uploads\/2022\/04\/nikon2-768x576.jpg 768w, https:\/\/www.fotolab.cz\/blog\/wp-content\/uploads\/2022\/04\/nikon2-1536x1152.jpg 1536w, https:\/\/www.fotolab.cz\/blog\/wp-content\/uploads\/2022\/04\/nikon2-50x38.jpg 50w, https:\/\/www.fotolab.cz\/blog\/wp-content\/uploads\/2022\/04\/nikon2-370x278.jpg 370w, https:\/\/www.fotolab.cz\/blog\/wp-content\/uploads\/2022\/04\/nikon2-270x203.jpg 270w, https:\/\/www.fotolab.cz\/blog\/wp-content\/uploads\/2022\/04\/nikon2-740x555.jpg 740w, https:\/\/www.fotolab.cz\/blog\/wp-content\/uploads\/2022\/04\/nikon2-80x60.jpg 80w\" sizes=\"(max-width: 650px) 100vw, 650px\" \/><\/a><figcaption id=\"caption-attachment-49283\" class=\"wp-caption-text\">Nikon Z9 a&nbsp;Nikkor Z&nbsp;100-400 mm f\/4.5-5.6 VR S&nbsp;v&nbsp;rukou kolegy fotografa.<\/figcaption><\/figure>\n<h2>Nikon Z9 v&nbsp;praxi<\/h2>\n<p>AF syst\u00e9my nov\u00fdch profesion\u00e1ln\u00edch bezzrcadlovek v\u00e1s h\u00fd\u010dkaj\u00ed. Plat\u00ed to i&nbsp;pro <a href=\"https:\/\/www.fotolab.cz\/produkt\/nikon-z9-telo\" target=\"_blank\" rel=\"noopener\"><strong>Nikon Z9<\/strong><\/a>. U\u017e z&nbsp;d\u00e1lky suver\u00e9nn\u011b zaost\u0159oval na hlavu jezdce a&nbsp;tak jsem se mohl soust\u0159edit jen na kompozici. Kdo se zaj\u00edm\u00e1 o&nbsp;fotografov\u00e1n\u00ed parkuru v\u00ed, \u017ee fotograf mus\u00ed um\u011bt zachytit moment skoku v&nbsp;tom nejlep\u0161\u00edm okam\u017eiku.<\/p>\n<p>Tady v\u00e1m nemus\u00ed pomoci ani 20 obr.\/s. J\u00e1 jsem se ale spol\u00e9hal na s\u00e9riov\u00e9 z\u00e1b\u011bry, na parkur nem\u00e1m zat\u00edm vytr\u00e9novan\u00e9 oko, ani na\u010dasov\u00e1n\u00ed stisku spou\u0161t\u011b. I&nbsp;tak se mi ale p\u00e1r z\u00e1b\u011br\u016f poda\u0159ilo, tedy po kompozi\u010dn\u00ed str\u00e1nce. Fotoapar\u00e1t si vedl l\u00e9pe ne\u017e j\u00e1. Zaost\u0159ov\u00e1n\u00ed objektivu <a href=\"https:\/\/www.fotolab.cz\/produkt\/nikon-nikkor-z-100-400-mm-f-4-5-5-6-vr-s\" target=\"_blank\" rel=\"noopener\"><strong>Nikkor Z&nbsp;100-400 mm f\/4.5-5.6 VR S<\/strong><\/a> je velmi rychl\u00e9 a&nbsp;ve spojen\u00ed s&nbsp;AF technologi\u00ed Nikonu Z9 i&nbsp;p\u0159esn\u00e9.<\/p>\n<div style=\"width: 770px;\" class=\"wp-video\"><!--[if lt IE 9]><script>document.createElement('video');<\/script><![endif]-->\n<video class=\"wp-video-shortcode\" id=\"video-49278-1\" width=\"770\" height=\"433\" poster=\"https:\/\/www.fotolab.cz\/blog\/wp-content\/uploads\/2022\/04\/M21_6327.jpg\" preload=\"metadata\" controls=\"controls\"><source type=\"video\/mp4\" src=\"https:\/\/www.fotolab.cz\/blog\/wp-content\/uploads\/2022\/04\/parkur_nikon-Z9.mp4?_=1\" \/><a href=\"https:\/\/www.fotolab.cz\/blog\/wp-content\/uploads\/2022\/04\/parkur_nikon-Z9.mp4\">https:\/\/www.fotolab.cz\/blog\/wp-content\/uploads\/2022\/04\/parkur_nikon-Z9.mp4<\/a><\/video><\/div>\n<p>Z 20 obr\u00e1zk\u016f za vte\u0159inu m\u00e1te co vyb\u00edrat.<\/p>\n<p>Nikon Z9 je v\u00fdborn\u011b konfigurovateln\u00fd. Op\u011bt mus\u00edm pochv\u00e1lit skv\u011bl\u00fd hled\u00e1\u010dek, i&nbsp;kdy\u017e m\u00e1 \u201ejen\u201c 3,69 Mpx. Dojem z&nbsp;n\u011bj se bl\u00ed\u017e\u00ed optick\u00e9mu hled\u00e1\u010dku. Nikon Z9 jsem je\u0161t\u011b netestoval, byla to moje premi\u00e9ra, ale ovl\u00e1d\u00e1n\u00edm se od jin\u00fdch profi Nikon\u016f a\u017e tak neli\u0161\u00ed.<\/p>\n<p>Oproti zrcadlovk\u00e1m je samoz\u0159ejm\u011b obrovsk\u00e1 zm\u011bna v&nbsp;zaost\u0159ov\u00e1n\u00ed. Detekce objekt\u016f a&nbsp;AI strojov\u00e9 u\u010den\u00ed funguj\u00ed v\u00fdborn\u011b. \u010c\u00edm d\u00e9le fotografujete, t\u00edm l\u00e9pe AF zaost\u0159uje. Majitel\u00e9 DSLR zrcadlovek Nikon si obl\u00edbili 3D zaost\u0159ov\u00e1n\u00ed. Z9 je prvn\u00ed model \u0159ady Z, kter\u00fd ho m\u00e1 taky. P\u0159echod z&nbsp;DSLR na CSC je i&nbsp;proto bezprobl\u00e9mov\u011bj\u0161\u00ed. J\u00e1 jsem pou\u017eil zaost\u0159ov\u00e1n\u00ed s&nbsp;detekc\u00ed obli\u010deje a&nbsp;o\u010d\u00ed kombinaci se st\u0159edn\u011b velkou skupinou bod\u016f.<\/p>\n<p><a class=\"gridlove-popup-img\" href=\"https:\/\/www.fotolab.cz\/blog\/wp-content\/uploads\/2022\/04\/FZ9_0026.jpg\"><img loading=\"lazy\" decoding=\"async\" class=\"alignnone wp-image-49322\" src=\"https:\/\/www.fotolab.cz\/blog\/wp-content\/uploads\/2022\/04\/FZ9_0026.jpg\" alt=\"Ko\u0148sk\u00fd parkur\" width=\"650\" height=\"433\" srcset=\"https:\/\/www.fotolab.cz\/blog\/wp-content\/uploads\/2022\/04\/FZ9_0026.jpg 1800w, https:\/\/www.fotolab.cz\/blog\/wp-content\/uploads\/2022\/04\/FZ9_0026-300x200.jpg 300w, https:\/\/www.fotolab.cz\/blog\/wp-content\/uploads\/2022\/04\/FZ9_0026-768x512.jpg 768w, https:\/\/www.fotolab.cz\/blog\/wp-content\/uploads\/2022\/04\/FZ9_0026-1536x1024.jpg 1536w, https:\/\/www.fotolab.cz\/blog\/wp-content\/uploads\/2022\/04\/FZ9_0026-50x33.jpg 50w, https:\/\/www.fotolab.cz\/blog\/wp-content\/uploads\/2022\/04\/FZ9_0026-370x247.jpg 370w, https:\/\/www.fotolab.cz\/blog\/wp-content\/uploads\/2022\/04\/FZ9_0026-270x180.jpg 270w, https:\/\/www.fotolab.cz\/blog\/wp-content\/uploads\/2022\/04\/FZ9_0026-740x493.jpg 740w\" sizes=\"(max-width: 650px) 100vw, 650px\" \/><\/a><\/p>\n<p>Z9 je velk\u00fd fotoapar\u00e1t, co\u017e jsem v&nbsp;kombinaci s&nbsp;teleobjektivem ocenil. Integrovan\u00fd vertik\u00e1ln\u00ed grip m\u00e1 dobrou ergonomii. \u010casto fotografuji na v\u00fd\u0161ku a&nbsp;na sv\u00fdch fotoapar\u00e1tech m\u00e1m p\u0159\u00eddavn\u00e9 gripy. Focen\u00ed bez nich si neum\u00edm p\u0159edstavit.<\/p>\n<p>Za p\u00e1r hodin, nav\u00edc v&nbsp;hrozn\u00e9m po\u010das\u00ed, nov\u00fd fotoapar\u00e1t pozn\u00e1te jen povrchn\u011b. Ale potvrdil se m\u016fj prvn\u00ed dojem, \u017ee je to aktu\u00e1ln\u011b asi nejlep\u0161\u00ed ak\u010dn\u00ed plnoform\u00e1tov\u00fd fotoapar\u00e1t na trhu, kter\u00fd m\u00e1 nav\u00edc i&nbsp;vysok\u00e9 rozli\u0161en\u00ed a&nbsp;tak je velmi univerz\u00e1ln\u00ed.<\/p>\n<p>Nov\u00e9 technologie s&nbsp;sebou p\u0159in\u00e1\u0161ej\u00ed i&nbsp;v\u00fdzvu pro fotografa, kter\u00fd je mus\u00ed zvl\u00e1dnout. Nau\u010dit se nov\u00fdm metod\u00e1m pr\u00e1ce a&nbsp;um\u011bt rychle reagovat na to, pokud n\u011bco nefunguje tak, jak m\u00e1.<\/p>\n<figure id=\"attachment_49324\" aria-describedby=\"caption-attachment-49324\" style=\"width: 650px\" class=\"wp-caption alignnone\"><a class=\"gridlove-popup-img\" href=\"https:\/\/www.fotolab.cz\/blog\/wp-content\/uploads\/2022\/04\/M21_6294.jpg\"><img loading=\"lazy\" decoding=\"async\" class=\"wp-image-49324\" src=\"https:\/\/www.fotolab.cz\/blog\/wp-content\/uploads\/2022\/04\/M21_6294.jpg\" alt=\"Ost\u0159en\u00ed Nikon\" width=\"650\" height=\"433\" srcset=\"https:\/\/www.fotolab.cz\/blog\/wp-content\/uploads\/2022\/04\/M21_6294.jpg 1800w, https:\/\/www.fotolab.cz\/blog\/wp-content\/uploads\/2022\/04\/M21_6294-300x200.jpg 300w, https:\/\/www.fotolab.cz\/blog\/wp-content\/uploads\/2022\/04\/M21_6294-768x512.jpg 768w, https:\/\/www.fotolab.cz\/blog\/wp-content\/uploads\/2022\/04\/M21_6294-1536x1024.jpg 1536w, https:\/\/www.fotolab.cz\/blog\/wp-content\/uploads\/2022\/04\/M21_6294-50x33.jpg 50w, https:\/\/www.fotolab.cz\/blog\/wp-content\/uploads\/2022\/04\/M21_6294-370x247.jpg 370w, https:\/\/www.fotolab.cz\/blog\/wp-content\/uploads\/2022\/04\/M21_6294-270x180.jpg 270w, https:\/\/www.fotolab.cz\/blog\/wp-content\/uploads\/2022\/04\/M21_6294-740x493.jpg 740w\" sizes=\"(max-width: 650px) 100vw, 650px\" \/><\/a><figcaption id=\"caption-attachment-49324\" class=\"wp-caption-text\">Ost\u0159en\u00ed nem\u011blo probl\u00e9m ani s&nbsp;jezdeckou p\u0159ilbou &#8222;v&nbsp;\u010dele&#8220;.<\/figcaption><\/figure>\n<p>Abych jen nechv\u00e1lil, Nikon Z9 produkuje o&nbsp;n\u011bco v\u00edce \u0161umu, ne\u017e Nikon Z7 II. To u&nbsp;fotoapar\u00e1t\u016f se stacked senzorem stav\u011bn\u00fdch na rychlost b\u00fdv\u00e1, jeliko\u017e na sn\u00edma\u010d p\u0159ibyla dal\u0161\u00ed vrstva elektroniky. V\u00fdsledky jsou ale velmi dobr\u00e9, p\u0159i citlivostech nad ISO 3200 po\u010d\u00edtejte se \u0161umem i&nbsp;p\u0159i fotografov\u00e1n\u00ed v&nbsp;exteri\u00e9ru, kde je v\u00edce sv\u011btla. Vy\u0161\u0161\u00ed citlivost pot\u0159ebujete, abyste mohli pou\u017e\u00edt kr\u00e1tkou expozi\u010dn\u00ed dobu pro zmrazen\u00ed pohybu.<\/p>\n<p>Douf\u00e1m, \u017ee kdy\u017e jich m\u011bl Nikon na akci Z9 tolik, kone\u010dn\u011b se i&nbsp;jeden kus dostane na testov\u00e1n\u00ed ke mn\u011b. Vy ale \u010dekat nemus\u00edte. Kolega Stanislav Mach u\u017e Nikon Z9 otestoval, <a href=\"https:\/\/www.fotolab.cz\/blog\/nikon-z9-recenze-fotoaparat-ktery-zamichal-kartami\/\" target=\"_blank\" rel=\"noopener\"><strong>podrobnou recenzi najdete na na\u0161em blogu<\/strong><\/a>.<\/p>\nngg_shortcode_0_placeholder\n","protected":false},"excerpt":{"rendered":"<p>V r\u00e1mci testov\u00e1n\u00ed novinek jsem se dostal ke vskutku zaj\u00edmav\u00e9mu fotografov\u00e1n\u00ed ko\u0148sk\u00e9ho parkuru. M\u011bl jsem tak mo\u017enost vyzkou\u0161et Nikon Z9 v&nbsp;praxi.<\/p>\n","protected":false},"author":274,"featured_media":49328,"comment_status":"open","ping_status":"closed","sticky":false,"template":"","format":"standard","meta":{"ngg_post_thumbnail":0,"footnotes":""},"categories":[559,18],"tags":[137,1963,1964],"class_list":["post-49278","post","type-post","status-publish","format-standard","has-post-thumbnail","hentry","category-fotolab-fotoradce","category-novinky","tag-nikon","tag-nikon-z9","tag-parkur"],"wppr_data":{"cwp_meta_box_check":"No"},"_links":{"self":[{"href":"https:\/\/www.fotolab.cz\/blog\/wp-json\/wp\/v2\/posts\/49278"}],"collection":[{"href":"https:\/\/www.fotolab.cz\/blog\/wp-json\/wp\/v2\/posts"}],"about":[{"href":"https:\/\/www.fotolab.cz\/blog\/wp-json\/wp\/v2\/types\/post"}],"author":[{"embeddable":true,"href":"https:\/\/www.fotolab.cz\/blog\/wp-json\/wp\/v2\/users\/274"}],"replies":[{"embeddable":true,"href":"https:\/\/www.fotolab.cz\/blog\/wp-json\/wp\/v2\/comments?post=49278"}],"version-history":[{"count":7,"href":"https:\/\/www.fotolab.cz\/blog\/wp-json\/wp\/v2\/posts\/49278\/revisions"}],"predecessor-version":[{"id":49546,"href":"https:\/\/www.fotolab.cz\/blog\/wp-json\/wp\/v2\/posts\/49278\/revisions\/49546"}],"wp:featuredmedia":[{"embeddable":true,"href":"https:\/\/www.fotolab.cz\/blog\/wp-json\/wp\/v2\/media\/49328"}],"wp:attachment":[{"href":"https:\/\/www.fotolab.cz\/blog\/wp-json\/wp\/v2\/media?parent=49278"}],"wp:term":[{"taxonomy":"category","embeddable":true,"href":"https:\/\/www.fotolab.cz\/blog\/wp-json\/wp\/v2\/categories?post=49278"},{"taxonomy":"post_tag","embeddable":true,"href":"https:\/\/www.fotolab.cz\/blog\/wp-json\/wp\/v2\/tags?post=49278"}],"curies":[{"name":"wp","href":"https:\/\/api.w.org\/{rel}","templated":true}]}}