{"id":35078,"date":"2020-07-15T16:52:17","date_gmt":"2020-07-15T14:52:17","guid":{"rendered":"https:\/\/www.fotolab.cz\/blog\/?p=35078"},"modified":"2020-07-16T16:07:44","modified_gmt":"2020-07-16T14:07:44","slug":"jak-vybrat-objektiv-pro-foceni-koncertu","status":"publish","type":"post","link":"https:\/\/www.fotolab.cz\/blog\/jak-vybrat-objektiv-pro-foceni-koncertu\/","title":{"rendered":"Jak vybrat objektiv pro focen\u00ed koncert\u016f"},"content":{"rendered":"<p><strong>Vyjmenujeme-li nej\u010dast\u011bj\u0161\u00ed fotografick\u00e9 \u017e\u00e1nry, kter\u00fdm se v\u011bnuj\u00ed amat\u00e9r\u0161t\u00ed fotografov\u00e9, jsou to obvykle krajina, portr\u00e9t, makro a&nbsp;st\u00e1le \u010dast\u011bji tak\u00e9 dokumentace \u010di sp\u00ed\u0161e report\u00e1\u017e z\u00a0r\u016fzn\u00fdch spole\u010densk\u00fdch akc\u00ed. Koncerty a&nbsp;hudebn\u00ed produkce jsou typickou uk\u00e1zkou \u2013 jak\u00e9 objektivy jsou pro fotografov\u00e1n\u00ed koncert\u016f nejvhodn\u011bj\u0161\u00ed?<\/strong><\/p>\n<p><!--more--><\/p>\n<p>Podobn\u011b jako u&nbsp;ka\u017ed\u00e9ho jin\u00e9ho foto\u017e\u00e1nru, ani zde nen\u00ed mo\u017en\u00e9 d\u00e1t jednozna\u010dnou a&nbsp;univerz\u00e1ln\u00ed odpov\u011b\u010f, v\u017edy se toti\u017e preferovan\u00e1 technika odv\u00edj\u00ed zejm\u00e9na od zku\u0161enost\u00ed fotografa, jeho n\u00e1vyk\u016f. P\u0159edev\u0161\u00edm p\u0159i volb\u011b objektivu je t\u0159eba se zamyslet nad t\u00edm, jak\u00fd o\u010dek\u00e1v\u00e1te v\u00fdsledek (vizualizovat si jej) a&nbsp;pot\u00e9 zvolit optim\u00e1ln\u00ed sklo.<\/p>\n<figure id=\"attachment_35083\" aria-describedby=\"caption-attachment-35083\" style=\"width: 800px\" class=\"wp-caption aligncenter\"><a class=\"gridlove-popup-img\" href=\"https:\/\/www.fotolab.cz\/blog\/wp-content\/uploads\/2020\/07\/fotografovani-koncertu-13.jpg\"><img loading=\"lazy\" decoding=\"async\" class=\"size-full wp-image-35083\" src=\"https:\/\/www.fotolab.cz\/blog\/wp-content\/uploads\/2020\/07\/fotografovani-koncertu-13.jpg\" alt=\"Fotografie koncertu\" width=\"800\" height=\"533\" srcset=\"https:\/\/www.fotolab.cz\/blog\/wp-content\/uploads\/2020\/07\/fotografovani-koncertu-13.jpg 800w, https:\/\/www.fotolab.cz\/blog\/wp-content\/uploads\/2020\/07\/fotografovani-koncertu-13-300x200.jpg 300w, https:\/\/www.fotolab.cz\/blog\/wp-content\/uploads\/2020\/07\/fotografovani-koncertu-13-768x512.jpg 768w, https:\/\/www.fotolab.cz\/blog\/wp-content\/uploads\/2020\/07\/fotografovani-koncertu-13-370x247.jpg 370w, https:\/\/www.fotolab.cz\/blog\/wp-content\/uploads\/2020\/07\/fotografovani-koncertu-13-270x180.jpg 270w, https:\/\/www.fotolab.cz\/blog\/wp-content\/uploads\/2020\/07\/fotografovani-koncertu-13-740x493.jpg 740w\" sizes=\"(max-width: 800px) 100vw, 800px\" \/><\/a><figcaption id=\"caption-attachment-35083\" class=\"wp-caption-text\">Autor fotografie: Viktor Fiker<\/figcaption><\/figure>\n<p>Jeliko\u017e fotoapar\u00e1t obvykle zvl\u00e1dnete obslou\u017eit bez v\u011bt\u0161\u00edch probl\u00e9m\u016f a&nbsp;m\u011bl by v\u00e1m sednout perfektn\u011b do ruky jak tvarem, tak ergonomi\u00ed, zam\u011b\u0159\u00edme se na volbu vhodn\u00e9ho (nikoli ide\u00e1ln\u00edho) objektivu, kter\u00fdm fotoapar\u00e1t doplnit, abyste se mohli pochlubit sn\u00edmky, jako profesion\u00e1ln\u00ed fotografov\u00e9. Fotografov\u00e1n\u00ed koncert\u016f m\u016f\u017eete realizovat jedn\u00edm objektivem. Je v\u0161ak dosti pravd\u011bpodobn\u00e9, \u017ee s\u00e1hnete min. po dvou a\u017e t\u0159ech (nej\u010dast\u011bji se kombinuj\u00ed objektivy s\u00a0pevnou a&nbsp;prom\u011bnlivou ohniskovou vzd\u00e1lenost\u00ed).<\/p>\n<h2>Pl\u00e1nov\u00e1n\u00ed typu focen\u00ed<\/h2>\n<p>Fotografov\u00e1n\u00ed koncert\u016f, a&nbsp;obecn\u011b hudebn\u00edch \u010di ve\u0159ejn\u00fdch vystoupen\u00ed, je obvykle sm\u011bsic\u00ed n\u011bkolika r\u016fzn\u00fdch \u017e\u00e1nr\u016f. Z\u00a0nejv\u011bt\u0161\u00ed \u010d\u00e1sti je koncertn\u00ed fotografie report\u00e1\u017e\u00ed, resp. dokument\u00e1rn\u00ed fotografi\u00ed, dopln\u011bnou portr\u00e9tem. Odtud tak\u00e9 plyne vhodn\u00e1 volba objektivu:<\/p>\n<ul>\n<li>na report\u00e1\u017ee se bude sp\u00ed\u0161e o&nbsp;n\u011bco v\u00edce hodit zoom objektivy, zvl\u00e1\u0161t\u011b pokud se budou st\u0159\u00eddat sc\u00e9ny (\u0161iroko\u00fahl\u00fd z\u00e1b\u011br vs. p\u0159ibl\u00ed\u017een\u00e1 sc\u00e9na)<\/li>\n<li>pokud nebude nutn\u00e9 m\u011bnit ohniskovou vzd\u00e1lenost, nab\u00edzej\u00ed se jako vhodn\u00e1 volba objektivy s\u00a0fixn\u00edm ohniskem (nap\u0159. 35, 50, nebo 85mm) a&nbsp;vysokou sv\u011btelnost\u00ed (clonov\u00e9 \u010d\u00edslo 1,8 a&nbsp;ni\u017e\u0161\u00ed) = ide\u00e1ln\u00ed portr\u00e9tn\u00ed objektivy, resp. ohniska<\/li>\n<\/ul>\n<figure id=\"attachment_35082\" aria-describedby=\"caption-attachment-35082\" style=\"width: 1200px\" class=\"wp-caption aligncenter\"><a class=\"gridlove-popup-img\" href=\"https:\/\/www.fotolab.cz\/blog\/wp-content\/uploads\/2020\/07\/fotografovani-koncertu-12.jpg\"><img loading=\"lazy\" decoding=\"async\" class=\"size-full wp-image-35082\" src=\"https:\/\/www.fotolab.cz\/blog\/wp-content\/uploads\/2020\/07\/fotografovani-koncertu-12.jpg\" alt=\"Fotografie koncertu\" width=\"1200\" height=\"800\" srcset=\"https:\/\/www.fotolab.cz\/blog\/wp-content\/uploads\/2020\/07\/fotografovani-koncertu-12.jpg 1200w, https:\/\/www.fotolab.cz\/blog\/wp-content\/uploads\/2020\/07\/fotografovani-koncertu-12-300x200.jpg 300w, https:\/\/www.fotolab.cz\/blog\/wp-content\/uploads\/2020\/07\/fotografovani-koncertu-12-768x512.jpg 768w, https:\/\/www.fotolab.cz\/blog\/wp-content\/uploads\/2020\/07\/fotografovani-koncertu-12-370x247.jpg 370w, https:\/\/www.fotolab.cz\/blog\/wp-content\/uploads\/2020\/07\/fotografovani-koncertu-12-270x180.jpg 270w, https:\/\/www.fotolab.cz\/blog\/wp-content\/uploads\/2020\/07\/fotografovani-koncertu-12-740x493.jpg 740w\" sizes=\"(max-width: 1200px) 100vw, 1200px\" \/><\/a><figcaption id=\"caption-attachment-35082\" class=\"wp-caption-text\">Autor fotografie: Viktor Fiker<\/figcaption><\/figure>\n<p>Ka\u017ed\u00fd z\u00a0n\u00e1s se samoz\u0159ejm\u011b c\u00edt\u00ed l\u00e9pe v\u00a0jin\u00fdch podm\u00ednk\u00e1ch. N\u011bkomu vyhovuje sp\u00ed\u0161e lov beze zbran\u00ed z\u00a0v\u011bt\u0161\u00ed vzd\u00e1lenosti, jin\u00fd m\u00e1 dostatek sebev\u011bdom\u00ed a&nbsp;ne\u010din\u00ed mu probl\u00e9m j\u00edt do centra d\u011bn\u00ed a&nbsp;fotografovat z\u00a0kr\u00e1tk\u00e9 vzd\u00e1lenosti, \u010d\u00edm\u017e snadno vt\u00e1hne div\u00e1ka do d\u011bje.<\/p>\n<p>Pokud pat\u0159\u00edte mezi univerz\u00e1ln\u00ed typ fotografa a&nbsp;ani jedno z\u00a0uveden\u00e9ho v\u00e1m nen\u00ed ciz\u00ed, pak zvl\u00e1d\u00e1te prakticky cel\u00fd z\u00e1kladn\u00ed reperto\u00e1r fotografick\u00e9ho p\u0159\u00edstupu a&nbsp;pokr\u00fdt koncert zaj\u00edmav\u00fdmi z\u00e1b\u011bry rozhodn\u011b nebude z\u00e1sadn\u00ed probl\u00e9m. V\u00a0takov\u00e9m p\u0159\u00edpad\u011b je v\u0161ak vhodn\u00e9 si samotn\u00e9 fotografov\u00e1n\u00ed vhodn\u011b rozvrhnout, abyste nemuseli m\u011bnit objektivy v\u00a0nejnevhodn\u011bj\u0161\u00ed okam\u017eik.<\/p>\n<p>Malou n\u00e1pov\u011bdu v\u00e1m mohou d\u00e1t kr\u00e1tk\u00e1 videa z\u00a0koncert\u016f kapely, kter\u00e1 jist\u011b najdete na soci\u00e1ln\u00edch s\u00edt\u00edch. Snadno tak zjist\u00edte, jak moc \u201eak\u010dn\u00ed\u201c hudebn\u00edci jsou, a&nbsp;tak\u00e9 jak\u00e9 je jejich rozm\u00edst\u011bn\u00ed na podiu.<\/p>\n<h2>Zohledn\u011bn\u00ed lokace, kde prob\u011bhne focen\u00ed<\/h2>\n<p>Velmi d\u016fle\u017eit\u00e1 je p\u0159\u00edprava ve vztahu k\u00a0prostoru, kde budete fotografovat. Ka\u017ed\u00fd prostor je toti\u017e origin\u00e1ln\u00ed a&nbsp;t\u00edm p\u00e1dem jsou na ka\u017ed\u00e9m m\u00edst\u011b zcela odli\u0161n\u00e9 sv\u011bteln\u00e9 podm\u00ednky. P\u0159ed fotografov\u00e1n\u00edm je proto t\u0159eba v\u011bnovat pozornost i&nbsp;m\u00edstu, kde budete fotit.<\/p>\n<p>\u00dapln\u011b jin\u00e1 bude situace na letn\u00edm festivalu, kter\u00fd m\u00e1 velkou sc\u00e9nu a&nbsp;bez teleobjektivu se prakticky neobejdete, a&nbsp;jin\u00e1 situace bude v\u00a0mal\u00e9m rockov\u00e9m klubu, kde si se stejn\u00fdm teleobjektivem ani ne\u0161krtnete, proto\u017ee bude prostor p\u0159\u00edli\u0161 mal\u00fd (kr\u00e1tk\u00fd). Tedy m\u00edstu, kde budete fotit, byste m\u011bli p\u0159izp\u016fsobit i&nbsp;v\u00fdb\u011br objektivu, zejm\u00e9na pak co se jeho ohniskov\u00e9 vzd\u00e1lenosti, pota\u017emo \u00fahlu z\u00e1b\u011bru, t\u00fdk\u00e1 (\u0161iroko\u00fahl\u00e9 objektivy vs. teleobjektivy).<\/p>\n<p>Dal\u0161\u00edm podstatn\u00fdm faktorem, mo\u017en\u00e1 nejd\u016fle\u017eit\u011bj\u0161\u00edm, jsou sv\u011bteln\u00e9 podm\u00ednky, kter\u00e9 se li\u0161\u00ed nejen prostor od prostoru, ale tak\u00e9 kapelu od kapely. Zde je op\u011bt mo\u017en\u00e9 se alespo\u0148 minim\u00e1ln\u011b p\u0159ipravit za pomoci videa z\u00a0p\u0159ede\u0161l\u00e9ho koncertu. Od v\u011bci tak\u00e9 nen\u00ed v\u010dasn\u00fd p\u0159\u00edchod a&nbsp;obhl\u00eddka podia p\u0159ed samotn\u00fdm za\u010d\u00e1tkem vystoupen\u00ed. A&nbsp;kdy\u017e prohod\u00edte p\u00e1r slov s\u00a0osv\u011btlova\u010dem, ur\u010dit\u011b to nebude na \u0161kodu.<\/p>\n<figure id=\"attachment_35080\" aria-describedby=\"caption-attachment-35080\" style=\"width: 790px\" class=\"wp-caption aligncenter\"><a class=\"gridlove-popup-img\" href=\"https:\/\/www.fotolab.cz\/blog\/wp-content\/uploads\/2020\/07\/fotografovani-koncertu-3.jpg\"><img loading=\"lazy\" decoding=\"async\" class=\"size-full wp-image-35080\" src=\"https:\/\/www.fotolab.cz\/blog\/wp-content\/uploads\/2020\/07\/fotografovani-koncertu-3.jpg\" alt=\"Fotografie koncertu\" width=\"790\" height=\"486\" srcset=\"https:\/\/www.fotolab.cz\/blog\/wp-content\/uploads\/2020\/07\/fotografovani-koncertu-3.jpg 790w, https:\/\/www.fotolab.cz\/blog\/wp-content\/uploads\/2020\/07\/fotografovani-koncertu-3-300x185.jpg 300w, https:\/\/www.fotolab.cz\/blog\/wp-content\/uploads\/2020\/07\/fotografovani-koncertu-3-768x472.jpg 768w, https:\/\/www.fotolab.cz\/blog\/wp-content\/uploads\/2020\/07\/fotografovani-koncertu-3-370x228.jpg 370w, https:\/\/www.fotolab.cz\/blog\/wp-content\/uploads\/2020\/07\/fotografovani-koncertu-3-270x166.jpg 270w, https:\/\/www.fotolab.cz\/blog\/wp-content\/uploads\/2020\/07\/fotografovani-koncertu-3-740x455.jpg 740w\" sizes=\"(max-width: 790px) 100vw, 790px\" \/><\/a><figcaption id=\"caption-attachment-35080\" class=\"wp-caption-text\">Autor fotografie: Viktor Fiker<\/figcaption><\/figure>\n<h2>Vhodn\u00e9 druhy objektiv\u016f pro focen\u00ed koncert\u016f<\/h2>\n<p>Pokud to v\u00e1\u0161 rozpo\u010det dovol\u00ed, v\u00a0prvn\u00ed \u0159ad\u011b se p\u0159i v\u00fdb\u011bru zam\u011b\u0159te na objektivy s\u00a0vy\u0161\u0161\u00ed sv\u011btelnost\u00ed (z\u00e1kladn\u00ed a&nbsp;telezomy). \u00a0A pro\u010d je d\u016fle\u017eit\u00e1 pr\u00e1v\u011b sv\u011btelnost? Proto\u017ee na koncertech je obvykle m\u00e1lo sv\u011btla a&nbsp;p\u0159i pr\u016fm\u011brn\u00e9 sv\u011btelnosti setov\u00fdch zoom\u016f (F4\u2013F6,3) se m\u016f\u017eete dostat do situace, kdy budete muset zvednout citlivost na nep\u0159\u00edjemn\u011b vysokou hladinu, kter\u00e1 s\u00a0sebou nese i&nbsp;vy\u0161\u0161\u00ed mno\u017estv\u00ed \u0161umu.<\/p>\n<p>Lep\u0161\u00ed sv\u011btelnost je obvykle dom\u00e9nou pevn\u00fdch objektiv\u016f a&nbsp;pokro\u010dilej\u0161\u00edch zoom\u016f. Pro pot\u0159eby <strong>koncertu se jako velmi vhodn\u00e1 optika jev\u00ed st\u0159edn\u00ed teleobjektiv klasick\u00e9ho rozsahu +\/- 70\u2013200 mm a&nbsp;sv\u011btelnost\u00ed F2,8<\/strong>, se kter\u00fdm pokryjete velkou \u010d\u00e1st z\u00e1b\u011br\u016f.<\/p>\n<p><a class=\"gridlove-popup-img\" href=\"https:\/\/www.fotolab.cz\/blog\/wp-content\/uploads\/2020\/04\/tamron-70-180mm-2.jpg\"><img loading=\"lazy\" decoding=\"async\" class=\"aligncenter size-full wp-image-31671\" src=\"https:\/\/www.fotolab.cz\/blog\/wp-content\/uploads\/2020\/04\/tamron-70-180mm-2.jpg\" alt=\"tamron 70-180mm\" width=\"1600\" height=\"1067\" srcset=\"https:\/\/www.fotolab.cz\/blog\/wp-content\/uploads\/2020\/04\/tamron-70-180mm-2.jpg 1600w, https:\/\/www.fotolab.cz\/blog\/wp-content\/uploads\/2020\/04\/tamron-70-180mm-2-300x200.jpg 300w, https:\/\/www.fotolab.cz\/blog\/wp-content\/uploads\/2020\/04\/tamron-70-180mm-2-768x512.jpg 768w, https:\/\/www.fotolab.cz\/blog\/wp-content\/uploads\/2020\/04\/tamron-70-180mm-2-1536x1024.jpg 1536w, https:\/\/www.fotolab.cz\/blog\/wp-content\/uploads\/2020\/04\/tamron-70-180mm-2-50x33.jpg 50w\" sizes=\"(max-width: 1600px) 100vw, 1600px\" \/><\/a>Dal\u0161\u00edm <strong>praktick\u00fdm sklem bude sv\u011bteln\u00fd portr\u00e9tn\u00ed objektiv s\u00a0ohniskem 85 mm nebo standardn\u00ed sv\u011bteln\u00e1 pades\u00e1tka<\/strong> (je-li nasazena na APS-C sn\u00edma\u010di). Tato skla vyu\u017eijete zejm\u00e9na p\u0159i detailn\u00edch z\u00e1b\u011brech hudebn\u00edk\u016f, pokud se v\u00e1m poda\u0159\u00ed fotografovat p\u0159\u00edmo na podiu, pak hraje portr\u00e9tn\u00ed sklo prim.<\/p>\n<p><a class=\"gridlove-popup-img\" href=\"https:\/\/www.fotolab.cz\/blog\/wp-content\/uploads\/2020\/04\/nikon_af-s_nikkor_85mm_f1.8g.jpg\"><img loading=\"lazy\" decoding=\"async\" class=\"aligncenter wp-image-31476\" src=\"https:\/\/www.fotolab.cz\/blog\/wp-content\/uploads\/2020\/04\/nikon_af-s_nikkor_85mm_f1.8g.jpg\" alt=\"Nikon 85mm f\/1,8\" width=\"330\" height=\"400\" srcset=\"https:\/\/www.fotolab.cz\/blog\/wp-content\/uploads\/2020\/04\/nikon_af-s_nikkor_85mm_f1.8g.jpg 800w, https:\/\/www.fotolab.cz\/blog\/wp-content\/uploads\/2020\/04\/nikon_af-s_nikkor_85mm_f1.8g-247x300.jpg 247w, https:\/\/www.fotolab.cz\/blog\/wp-content\/uploads\/2020\/04\/nikon_af-s_nikkor_85mm_f1.8g-768x931.jpg 768w, https:\/\/www.fotolab.cz\/blog\/wp-content\/uploads\/2020\/04\/nikon_af-s_nikkor_85mm_f1.8g-41x50.jpg 41w\" sizes=\"(max-width: 330px) 100vw, 330px\" \/><\/a><\/p>\n<p>T\u0159et\u00edm typem z\u00e1b\u011br\u016f, kter\u00fd se vyskytuje p\u0159i koncertn\u00edm focen\u00ed, jsou sc\u00e9ny s\u00a0\u0161irok\u00fdm \u00fahlem z\u00e1b\u011bru, kter\u00fd vt\u00e1hne div\u00e1ka a&nbsp;umo\u017en\u00ed snadn\u011bji zachytit celkovou atmosf\u00e9ru na dan\u00e9m m\u00edst\u011b. \u0160iroko\u00fahl\u00fd objektiv, kter\u00fd <strong>nab\u00eddne efektivn\u00ed ohnisko n\u011bkde kolem cca 17\u201318 mm je ide\u00e1ln\u00ed<\/strong>, vzhledem k\u00a0\u0161\u00ed\u0159ce z\u00e1b\u011bru zde ani nemus\u00edte p\u0159\u00edli\u0161 \u0159e\u0161it jeho sv\u011btelnost z\u00a0hlediska rizika pohybov\u00e9 neostrosti. Pomoci samoz\u0159ejm\u011b m\u016f\u017ee stabilizace, kter\u00e1 umo\u017e\u0148uje pracovat s\u00a0del\u0161\u00edmi \u010dasy bez rizika rozmaz\u00e1n\u00ed sc\u00e9ny.<\/p>\n<p><a class=\"gridlove-popup-img\" href=\"https:\/\/www.fotolab.cz\/blog\/wp-content\/uploads\/2019\/12\/Canon-RF-15-35mm.jpg\"><img loading=\"lazy\" decoding=\"async\" class=\"aligncenter size-full wp-image-28648\" src=\"https:\/\/www.fotolab.cz\/blog\/wp-content\/uploads\/2019\/12\/Canon-RF-15-35mm.jpg\" alt=\"Canon RF 15-35mm\" width=\"1200\" height=\"800\" srcset=\"https:\/\/www.fotolab.cz\/blog\/wp-content\/uploads\/2019\/12\/Canon-RF-15-35mm.jpg 1200w, https:\/\/www.fotolab.cz\/blog\/wp-content\/uploads\/2019\/12\/Canon-RF-15-35mm-300x200.jpg 300w, https:\/\/www.fotolab.cz\/blog\/wp-content\/uploads\/2019\/12\/Canon-RF-15-35mm-1024x683.jpg 1024w, https:\/\/www.fotolab.cz\/blog\/wp-content\/uploads\/2019\/12\/Canon-RF-15-35mm-768x512.jpg 768w, https:\/\/www.fotolab.cz\/blog\/wp-content\/uploads\/2019\/12\/Canon-RF-15-35mm-50x33.jpg 50w\" sizes=\"(max-width: 1200px) 100vw, 1200px\" \/><\/a><\/p>\n<p>Po\u010d\u00edtejte s\u00a0t\u00edm, \u017ee u&nbsp;v\u011bt\u0161iny koncert\u016f <strong>budete pracovat s\u00a0\u010dasem kolem 1\/125 s\u00a0\u010di krat\u0161\u00edm<\/strong> \u2013 k\u00a0tomu si p\u0159i\u0159a\u010fte v\u00a0dan\u00e9m m\u00e1lo osv\u011btlen\u00e9m prost\u0159ed\u00ed rozsah citlivost\u00ed s\u00a0nimi\u017e jste ochotni pracovat a&nbsp;v\u00fdsledkem bude adekv\u00e1tn\u00ed rozsah clon, kter\u00e9 m\u016f\u017eete pou\u017e\u00edvat. Pozor na \u010dastou chybu, kdy pracujete s\u00a0aktivn\u00ed stabilizac\u00ed obrazu, kter\u00e1 v\u00e1m sice umo\u017en\u00ed pou\u017eit\u00ed del\u0161\u00edch expozi\u010dn\u00edch \u010das\u016f, ov\u0161em v\u00a0kone\u010dn\u00e9m d\u016fsledku jsou ostr\u00e9 pouze statick\u00e9 \u010d\u00e1sti obrazu, jeliko\u017e pro pohybuj\u00edc\u00ed se objekty je expozi\u010dn\u00ed \u010das p\u0159\u00edli\u0161 dlouh\u00fd.<\/p>\n<blockquote>\n<h4 class=\"entry-title\"><strong>\u010ct\u011bte tak\u00e9 na blogu: <a href=\"https:\/\/www.fotolab.cz\/blog\/o-umeni-koncertni-fotografie-s-fotografem-janem-nozickou\/\" target=\"_blank\" rel=\"noopener noreferrer\">O um\u011bn\u00ed koncertn\u00ed fotografie s&nbsp;fotografem Janem No\u017ei\u010dkou<\/a><\/strong><\/h4>\n<\/blockquote>\n<h2>Ochrann\u00e9 vrstvy a&nbsp;lamely clony<\/h2>\n<p>I v\u00a0report\u00e1\u017ei \u010di dokumentu se najde m\u00edsto na tro\u0161ku kreativity, vzhledem k\u00a0nemal\u00e9mu mno\u017estv\u00ed reflektor\u016f a&nbsp;bodov\u00fdch sv\u011btel, kter\u00e9 se u&nbsp;podobn\u00fdch akc\u00ed vyu\u017e\u00edvaj\u00ed, se p\u0159\u00edmo nab\u00edz\u00ed pou\u017eit\u00ed vy\u0161\u0161\u00edho zaclon\u011bn\u00ed a&nbsp;s\u00a0n\u00edm spojen\u00e9ho \u201ehv\u011bzdi\u010dkov\u00e1n\u00ed\u201c zdroj\u016f sv\u011btla. To se odv\u00edj\u00ed od po\u010dtu lamel clony, sud\u00fd po\u010det lamel nab\u00eddne stejn\u00fd po\u010det paprsk\u016f, lich\u00fd po\u010det jich nab\u00eddne dvojn\u00e1sobek.<\/p>\n<p>Mnohdy podce\u0148ovan\u00fdm parametrem objektivu je to, jak se dok\u00e1\u017ee vypo\u0159\u00e1dat s\u00a0p\u0159\u00edm\u00fdm a&nbsp;nep\u0159\u00edm\u00fdm osv\u011btlen\u00edm, kter\u00e9ho najdete na koncertech opravdu hodn\u011b, a&nbsp;to hned v\u00a0r\u016fzn\u00e9m barevn\u00e9m proveden\u00ed. Ochrann\u00e9 vrstvy, nanesen\u00e9 na \u010do\u010dk\u00e1ch objektivu mohou zna\u010dn\u011b ovlivnit sm\u011brov\u00e1n\u00ed a&nbsp;odrazivost sv\u011btla uvnit\u0159 objektivu a&nbsp;t\u00edm tak\u00e9 vznik r\u016fzn\u00fdch duch\u016f a&nbsp;z\u00e1voj\u016f na fotce.<\/p>\n<p>Ur\u010dit\u011b je tedy dobr\u00e9 m\u00edt sv\u016fj objektiv \u201ena\u010dten\u00fd\u201c p\u0159i pr\u00e1ci v\u00a0protisv\u011btle a&nbsp;v\u00a0p\u0159\u00edpad\u011b koup\u011b nov\u00e9ho objektivu se na tuto vlastnost tak\u00e9 zam\u011b\u0159it a&nbsp;vyzkou\u0161et si, jak se vybran\u00fd kousek v\u00a0protisv\u011btle chov\u00e1. Praktickou pom\u016fckou p\u0159i fotografov\u00e1n\u00ed (zejm\u00e9na na festivalech s\u00a0del\u0161\u00edm teleobjektivem) bude monopod, kter\u00fd dod\u00e1 pot\u0159ebnou stabilitu \u2013 v\u00a0takov\u00e9 situaci je t\u0159eba zohlednit i&nbsp;uchycen\u00ed apar\u00e1tu k\u00a0monopodu \u2013 zde bude prakti\u010dt\u011bj\u0161\u00edm \u0159e\u0161en\u00edm pou\u017eit\u00ed stativov\u00e9 obj\u00edmky na objektivu ne\u017e z\u00e1vitu v\u00a0t\u011ble digit\u00e1lu \u2013 na to byste m\u011bli p\u0159i v\u00fdb\u011bru tak\u00e9 myslet.<\/p>\n","protected":false},"excerpt":{"rendered":"<p>Vyjmenujeme-li nej\u010dast\u011bj\u0161\u00ed fotografick\u00e9 \u017e\u00e1nry, kter\u00fdm se v\u011bnuj\u00ed amat\u00e9r\u0161t\u00ed fotografov\u00e9, jsou to obvykle krajina, portr\u00e9t, makro a&nbsp;st\u00e1le \u010dast\u011bji tak\u00e9 dokumentace \u010di sp\u00ed\u0161e report\u00e1\u017e z\u00a0r\u016fzn\u00fdch spole\u010densk\u00fdch akc\u00ed. Koncerty a&nbsp;hudebn\u00ed produkce jsou typickou uk\u00e1zkou \u2013 jak\u00e9 objektivy jsou pro fotografov\u00e1n\u00ed koncert\u016f nejvhodn\u011bj\u0161\u00ed?<\/p>\n","protected":false},"author":256,"featured_media":35082,"comment_status":"open","ping_status":"closed","sticky":false,"template":"","format":"standard","meta":{"ngg_post_thumbnail":0,"footnotes":""},"categories":[559,18],"tags":[],"class_list":["post-35078","post","type-post","status-publish","format-standard","has-post-thumbnail","hentry","category-fotolab-fotoradce","category-novinky"],"wppr_data":[],"_links":{"self":[{"href":"https:\/\/www.fotolab.cz\/blog\/wp-json\/wp\/v2\/posts\/35078"}],"collection":[{"href":"https:\/\/www.fotolab.cz\/blog\/wp-json\/wp\/v2\/posts"}],"about":[{"href":"https:\/\/www.fotolab.cz\/blog\/wp-json\/wp\/v2\/types\/post"}],"author":[{"embeddable":true,"href":"https:\/\/www.fotolab.cz\/blog\/wp-json\/wp\/v2\/users\/256"}],"replies":[{"embeddable":true,"href":"https:\/\/www.fotolab.cz\/blog\/wp-json\/wp\/v2\/comments?post=35078"}],"version-history":[{"count":5,"href":"https:\/\/www.fotolab.cz\/blog\/wp-json\/wp\/v2\/posts\/35078\/revisions"}],"predecessor-version":[{"id":35141,"href":"https:\/\/www.fotolab.cz\/blog\/wp-json\/wp\/v2\/posts\/35078\/revisions\/35141"}],"wp:featuredmedia":[{"embeddable":true,"href":"https:\/\/www.fotolab.cz\/blog\/wp-json\/wp\/v2\/media\/35082"}],"wp:attachment":[{"href":"https:\/\/www.fotolab.cz\/blog\/wp-json\/wp\/v2\/media?parent=35078"}],"wp:term":[{"taxonomy":"category","embeddable":true,"href":"https:\/\/www.fotolab.cz\/blog\/wp-json\/wp\/v2\/categories?post=35078"},{"taxonomy":"post_tag","embeddable":true,"href":"https:\/\/www.fotolab.cz\/blog\/wp-json\/wp\/v2\/tags?post=35078"}],"curies":[{"name":"wp","href":"https:\/\/api.w.org\/{rel}","templated":true}]}}